{"id":663,"date":"2020-01-11T18:52:41","date_gmt":"2020-01-11T17:52:41","guid":{"rendered":"http:\/\/kravmagasilesia.pl\/?p=663"},"modified":"2024-02-26T17:19:34","modified_gmt":"2024-02-26T16:19:34","slug":"warsztaty-intro-krav-maga-global","status":"publish","type":"post","link":"https:\/\/kravmagasilesia.pl\/krav-maga-katowice\/warsztaty-intro-krav-maga-global\/","title":{"rendered":"Warsztaty &#8211; Intro Krav Maga Global"},"content":{"rendered":"<p>Zapraszam serdecznie wszystkich zainteresowanych na bezp\u0142atne warsztaty<br \/>\nna kt\u00f3rym poka\u017cemy Wam przekrojowo czym jest Krav Maga Global!<br \/>\nSzkolenie jest otwarte dla wszystkich, nie jest potrzebne \u017cadne wcze\u015bniejsze do\u015bwiadczenie zwi\u0105zane z sztukami walki\/samoobron\u0105.<\/p>\n<p>Krav Maga to najbardziej efektywny system walki i samoobrony! Szybki, prosty i skuteczny!<\/p>\n<p>Na seminarium g\u0142\u00f3wnymi tematami b\u0119d\u0105:<\/p>\n<p>-pozycja walki<br \/>\n-podstawowe ataki r\u0119czne i no\u017cne<br \/>\n-obrona przed nieuzbrojonym agresorem<br \/>\n-obrona przed uderzeniami i kopni\u0119ciami<br \/>\n-prewencj\u0105 przed atakiem no\u017cem<br \/>\n-deeskalacja<br \/>\n-psychologia agresora<br \/>\n-taktyka walki<\/p>\n<p>Po szkoleniu staniesz si\u0119 bardziej pewny siebie, zwi\u0119kszysz swoje poczucie bezpiecze\u0144stwa oraz nauczysz si\u0119 reagowa\u0107 i broni\u0107 przeciwko podstawowym atakom.<br \/>\nWarto wzi\u0105\u0107 ze sob\u0105 butelk\u0119 wody, str\u00f3j sportowy oraz dobry humor \ud83d\ude09<\/p>\n<p>Szkolenie b\u0119dzie si\u0119 odbywa\u0142o w siedzibie klubu:<\/p>\n<p>Lokalizacja:<br \/>\nKatowice-Bryn\u00f3w ul. Kossak-Szczuckiej 41<\/p>\n<p>Data i godzina:<br \/>\n25.01.2020<br \/>\n10.00-13.00<\/p>\n<p>Zapraszam do odwiedzenia strony internetowej klubu! &#8211;<br \/>\n<a href=\"https:\/\/l.facebook.com\/l.php?u=http%3A%2F%2Fwww.kravmagasilesia.pl%2F%3Ffbclid%3DIwAR3AcIk2OhBWRL_elGibnXxkJQm7E7y1u32cpzNw5HYeb9criemVdcAN7wY&amp;h=AT2EfLlmzTPxLTiVPgw8OFM-zh3oSoWSgA62wjpdWXlmF6T8RmF0L6cqEpXAGlizjEWgft0mk3TMnYpEgDTqxhYFdhkvIZQSKbI_yPhzLT15d2n4zMVIGp0YvMTHkWkq-hSq\" target=\"_blank\" rel=\"nofollow noopener\" data-lynx-mode=\"hover\">www.kravmagasilesia.pl<\/a><\/p>\n<p>Liczba miejsc ograniczona z uwagi na jako\u015b\u0107 szkolenia i bezpiecze\u0144stwo &#8211; max 20 uczestnik\u00f3w!<\/p>\n<p>Kolejno\u015b\u0107 zg\u0142osze\u0144 decyduje o rezerwacji miejsca.<\/p>\n<p>Zapisy:<\/p>\n<p>Poprzez formularz zg\u0142oszeniowy na stronie <a href=\"https:\/\/l.facebook.com\/l.php?u=http%3A%2F%2Fwww.kravmagasilesia.pl%2F%3Ffbclid%3DIwAR1tyyi-_j0gZ2Klfct-qXGM6stLh1b25DM0U-i70AFsbSv9XUvPrnHQK5Y&amp;h=AT2EfLlmzTPxLTiVPgw8OFM-zh3oSoWSgA62wjpdWXlmF6T8RmF0L6cqEpXAGlizjEWgft0mk3TMnYpEgDTqxhYFdhkvIZQSKbI_yPhzLT15d2n4zMVIGp0YvMTHkWkq-hSq\" target=\"_blank\" rel=\"nofollow noopener\" data-lynx-mode=\"hover\">www.kravmagasilesia.pl<\/a> (w tytule nazwa seminarium),<\/p>\n<p>e-mail: kravmagasilesia@gmail.com,<\/p>\n<p>telefon: 518-333-596,<\/p>\n<p>lub wiadomo\u015b\u0107 prywatn\u0105 na facebooku (moje konto lub fun page Klubu).<\/p>\n<p>Do zobaczenia na matach! \ud83d\ude42<br \/>\nKida!<\/p>\n","protected":false},"excerpt":{"rendered":"<p>Zapraszam serdecznie wszystkich zainteresowanych na bezp\u0142atne warsztaty na kt\u00f3rym poka\u017cemy Wam przekrojowo czym jest Krav Maga Global! Szkolenie jest otwarte dla wszystkich, nie jest potrzebne \u017cadne wcze\u015bniejsze do\u015bwiadczenie zwi\u0105zane z sztukami walki\/samoobron\u0105. Krav Maga to najbardziej efektywny system walki i samoobrony! Szybki, prosty i skuteczny! Na seminarium g\u0142\u00f3wnymi tematami b\u0119d\u0105: -pozycja walki -podstawowe ataki r\u0119czne [&hellip;]<\/p>\n","protected":false},"author":2,"featured_media":664,"comment_status":"closed","ping_status":"closed","sticky":false,"template":"","format":"standard","meta":{"footnotes":""},"categories":[1],"tags":[],"_links":{"self":[{"href":"https:\/\/kravmagasilesia.pl\/krav-maga-katowice\/wp-json\/wp\/v2\/posts\/663"}],"collection":[{"href":"https:\/\/kravmagasilesia.pl\/krav-maga-katowice\/wp-json\/wp\/v2\/posts"}],"about":[{"href":"https:\/\/kravmagasilesia.pl\/krav-maga-katowice\/wp-json\/wp\/v2\/types\/post"}],"author":[{"embeddable":true,"href":"https:\/\/kravmagasilesia.pl\/krav-maga-katowice\/wp-json\/wp\/v2\/users\/2"}],"replies":[{"embeddable":true,"href":"https:\/\/kravmagasilesia.pl\/krav-maga-katowice\/wp-json\/wp\/v2\/comments?post=663"}],"version-history":[{"count":1,"href":"https:\/\/kravmagasilesia.pl\/krav-maga-katowice\/wp-json\/wp\/v2\/posts\/663\/revisions"}],"predecessor-version":[{"id":665,"href":"https:\/\/kravmagasilesia.pl\/krav-maga-katowice\/wp-json\/wp\/v2\/posts\/663\/revisions\/665"}],"wp:featuredmedia":[{"embeddable":true,"href":"https:\/\/kravmagasilesia.pl\/krav-maga-katowice\/wp-json\/wp\/v2\/media\/664"}],"wp:attachment":[{"href":"https:\/\/kravmagasilesia.pl\/krav-maga-katowice\/wp-json\/wp\/v2\/media?parent=663"}],"wp:term":[{"taxonomy":"category","embeddable":true,"href":"https:\/\/kravmagasilesia.pl\/krav-maga-katowice\/wp-json\/wp\/v2\/categories?post=663"},{"taxonomy":"post_tag","embeddable":true,"href":"https:\/\/kravmagasilesia.pl\/krav-maga-katowice\/wp-json\/wp\/v2\/tags?post=663"}],"curies":[{"name":"wp","href":"https:\/\/api.w.org\/{rel}","templated":true}]}}